{"id":35109,"date":"2025-05-26T10:31:45","date_gmt":"2025-05-26T08:31:45","guid":{"rendered":"https:\/\/archventil.com\/larchitecture-dinterieur-sur-mesure-notre-facon-de-faconner-la-beaute\/"},"modified":"2025-11-03T11:53:51","modified_gmt":"2025-11-03T10:53:51","slug":"larchitecture-dinterieur-sur-mesure-notre-facon-de-faconner-la-beaute","status":"publish","type":"post","link":"https:\/\/archventil.com\/fr\/larchitecture-dinterieur-sur-mesure-notre-facon-de-faconner-la-beaute\/","title":{"rendered":"L&rsquo;architecture d&rsquo;int\u00e9rieur sur mesure : notre fa\u00e7on de fa\u00e7onner la beaut\u00e9"},"content":{"rendered":"<p><em>par Elena Tomlenova &#8211; Fondatrice et directrice de la cr\u00e9ation d&rsquo;Archventil<\/em><\/p>  <p class=\"has-text-align-left\">Lorsque j&rsquo;ai fond\u00e9 Archventil en 2012, j&rsquo;avais une id\u00e9e tr\u00e8s claire : cr\u00e9er un studio de design d&rsquo;int\u00e9rieur \u00e0 Milan capable de transformer chaque projet en une exp\u00e9rience \u00e9motionnelle et personnelle. Je voulais que le design soit plus qu&rsquo;une simple esth\u00e9tique, mais aussi une strat\u00e9gie, une fonctionnalit\u00e9 et une identit\u00e9. <\/p>  <p>Aujourd&rsquo;hui, Archventil est un studio structur\u00e9 qui r\u00e9alise des projets d&rsquo;am\u00e9nagement int\u00e9rieur r\u00e9sidentiel et commercial en Italie et \u00e0 l&rsquo;\u00e9tranger, en prenant en charge toutes les phases : de la conception \u00e0 la fourniture et \u00e0 la gestion de la construction. Nous travaillons en tant qu&rsquo;entrepreneur g\u00e9n\u00e9ral d&rsquo;int\u00e9rieur, offrant un service cl\u00e9 en main \u00e0 fort contenu cr\u00e9atif et technique. <\/p>  <figure class=\"wp-block-image aligncenter size-full\"><img fetchpriority=\"high\" decoding=\"async\" width=\"1024\" height=\"683\" src=\"https:\/\/archventil.com\/wp-content\/uploads\/2025\/05\/4U4A24721-min-4-edited.jpg\" alt=\"\" class=\"wp-image-28248\" srcset=\"https:\/\/archventil.com\/wp-content\/uploads\/2025\/05\/4U4A24721-min-4-edited.jpg 1024w, https:\/\/archventil.com\/wp-content\/uploads\/2025\/05\/4U4A24721-min-4-edited-768x512.jpg 768w\" sizes=\"(max-width: 1024px) 100vw, 1024px\" \/><\/figure>  <p>Nous avons r\u00e9alis\u00e9 plus de 300 projets \u00e0 Milan, Lugano, Zurich et dans d&rsquo;autres villes europ\u00e9ennes, en suivant une philosophie pr\u00e9cise : chaque client est unique, chaque projet est un costume sur mesure. Notre <strong>design d&rsquo;int\u00e9rieur italien<\/strong>, contemporain mais enracin\u00e9 dans une forte culture du design, est con\u00e7u pour am\u00e9liorer la vie des gens. <\/p>  <p><strong>Ce <\/strong>blog<strong> a \u00e9t\u00e9 cr\u00e9\u00e9 pour partager<\/strong> notre vision, notre m\u00e9thode et nos inspirations. Nous parlerons des tendances, des mat\u00e9riaux, de l&rsquo;architecture d&rsquo;int\u00e9rieur, de l&rsquo;organisation du studio, de la gestion des fournisseurs et des chantiers, et de la valeur que nous accordons \u00e0 l&rsquo;exp\u00e9rience du client. Nous pensons que le vrai luxe aujourd&rsquo;hui est d&rsquo;avoir un espace vraiment personnalis\u00e9 &#8211; pour vos besoins, vos go\u00fbts, votre vie de tous les jours.  <\/p>  <p>Bienvenue dans le monde d&rsquo;Archventil. Un monde d&rsquo;\u00e9coute, de pr\u00e9cision, de cr\u00e9ativit\u00e9 et de passion. <\/p>  <p>Si vous voulez savoir d&rsquo;o\u00f9 tout cela vient, explorez la <a href=\"https:\/\/archventil.com\/fr\/casa-archventil-340m2-de-bureaux-avec-terrasse-panoramique-dans-la-via-gian-battista-vico-milan\/\">Casa Archventil<\/a>, notre maison-t\u00e9moin et si\u00e8ge du studio : <strong>un <\/strong>manifeste vivant de notre approche de la d\u00e9coration d&rsquo;int\u00e9rieur (<strong> <\/strong>).<\/p>  <p>Le meilleur reste \u00e0 venir.<\/p>  <p><\/p>","protected":false},"excerpt":{"rendered":"<p>par Elena Tomlenova &#8211; Fondatrice et directrice de la cr\u00e9ation d&rsquo;Archventil Lorsque j&rsquo;ai fond\u00e9 Archventil en 2012, j&rsquo;avais une id\u00e9e tr\u00e8s claire : cr\u00e9er un studio de design d&rsquo;int\u00e9rieur \u00e0 Milan capable de transformer chaque projet en une exp\u00e9rience \u00e9motionnelle et personnelle. Je voulais que le design soit plus qu&rsquo;une simple esth\u00e9tique, mais aussi une [&hellip;]<\/p>\n","protected":false},"author":11,"featured_media":34700,"comment_status":"closed","ping_status":"closed","sticky":false,"template":"","format":"standard","meta":{"_acf_changed":false,"footnotes":""},"categories":[61],"tags":[],"class_list":["post-35109","post","type-post","status-publish","format-standard","has-post-thumbnail","hentry","category-news-fr"],"acf":[],"_links":{"self":[{"href":"https:\/\/archventil.com\/fr\/wp-json\/wp\/v2\/posts\/35109","targetHints":{"allow":["GET"]}}],"collection":[{"href":"https:\/\/archventil.com\/fr\/wp-json\/wp\/v2\/posts"}],"about":[{"href":"https:\/\/archventil.com\/fr\/wp-json\/wp\/v2\/types\/post"}],"author":[{"embeddable":true,"href":"https:\/\/archventil.com\/fr\/wp-json\/wp\/v2\/users\/11"}],"replies":[{"embeddable":true,"href":"https:\/\/archventil.com\/fr\/wp-json\/wp\/v2\/comments?post=35109"}],"version-history":[{"count":1,"href":"https:\/\/archventil.com\/fr\/wp-json\/wp\/v2\/posts\/35109\/revisions"}],"predecessor-version":[{"id":35112,"href":"https:\/\/archventil.com\/fr\/wp-json\/wp\/v2\/posts\/35109\/revisions\/35112"}],"wp:featuredmedia":[{"embeddable":true,"href":"https:\/\/archventil.com\/fr\/wp-json\/wp\/v2\/media\/34700"}],"wp:attachment":[{"href":"https:\/\/archventil.com\/fr\/wp-json\/wp\/v2\/media?parent=35109"}],"wp:term":[{"taxonomy":"category","embeddable":true,"href":"https:\/\/archventil.com\/fr\/wp-json\/wp\/v2\/categories?post=35109"},{"taxonomy":"post_tag","embeddable":true,"href":"https:\/\/archventil.com\/fr\/wp-json\/wp\/v2\/tags?post=35109"}],"curies":[{"name":"wp","href":"https:\/\/api.w.org\/{rel}","templated":true}]}}