{"id":35117,"date":"2025-05-26T10:32:08","date_gmt":"2025-05-26T08:32:08","guid":{"rendered":"https:\/\/archventil.com\/ce-que-fait-archventil-des-amenagements-interieurs-sur-mesure-une-vision-integree-et-des-solutions-completes\/"},"modified":"2025-06-11T17:19:50","modified_gmt":"2025-06-11T15:19:50","slug":"ce-que-fait-archventil-des-amenagements-interieurs-sur-mesure-une-vision-integree-et-des-solutions-completes","status":"publish","type":"post","link":"https:\/\/archventil.com\/fr\/ce-que-fait-archventil-des-amenagements-interieurs-sur-mesure-une-vision-integree-et-des-solutions-completes\/","title":{"rendered":"Ce que fait Archventil : des am\u00e9nagements int\u00e9rieurs sur mesure, une vision int\u00e9gr\u00e9e et des solutions compl\u00e8tes."},"content":{"rendered":"<p>Lorsque vous entrez dans le monde d&rsquo;Archventil, vous n&rsquo;entrez pas simplement dans un studio de design d&rsquo;int\u00e9rieur \u00e0 Milan, mais dans un <a href=\"https:\/\/archventil.com\/fr\/bid-amenagement-interieur-de-base\/#menu-servizi\" data-type=\"link\" data-id=\"https:\/\/archventil.com\/bid\/#menu-servizi\">syst\u00e8me<\/a> qui combine la pens\u00e9e du design, l&rsquo;organisation et la beaut\u00e9. Notre mission est de cr\u00e9er des espaces sur mesure, parfaitement adapt\u00e9s au style de vie ou \u00e0 l&rsquo;identit\u00e9 de la marque, en veillant non seulement \u00e0 l&rsquo;esth\u00e9tique mais aussi \u00e0 la fonctionnalit\u00e9, \u00e0 la durabilit\u00e9 du processus et au respect des d\u00e9lais et des budgets. <\/p>  <p>Notre approche int\u00e9gr\u00e9e nous permet de suivre toutes les \u00e9tapes du projet, de la premi\u00e8re id\u00e9e \u00e0 la livraison cl\u00e9 en main : <br\/>&#8211; d\u00e9finition du concept et du style<br\/>&#8211; dessins techniques et ex\u00e9cutifs<br\/>&#8211; budget d\u00e9taill\u00e9 et s\u00e9lection des fournitures<br\/>&#8211; gestion et coordination du chantier<\/p>  <figure class=\"wp-block-gallery aligncenter has-nested-images columns-default is-cropped wp-block-gallery-1 is-layout-flex wp-block-gallery-is-layout-flex\"> <figure class=\"wp-block-image size-full\"><img fetchpriority=\"high\" decoding=\"async\" width=\"900\" height=\"600\" data-id=\"34900\" src=\"https:\/\/archventil.com\/wp-content\/uploads\/2025\/05\/RTN7682-copia-min-edited.jpg\" alt=\"L'architecture d'int&#xE9;rieur de l'atelier de Milan, de Vico et de Sant'ambrogio, ainsi que les couleurs de la cuisine, de la terrasse et de l'entr&#xE9;e de l'atelier, sont des &#xE9;l&#xE9;ments essentiels de l'architecture d'int&#xE9;rieur de l'atelier de Milan.\" class=\"wp-image-34900\" srcset=\"https:\/\/archventil.com\/wp-content\/uploads\/2025\/05\/RTN7682-copia-min-edited.jpg 900w, https:\/\/archventil.com\/wp-content\/uploads\/2025\/05\/RTN7682-copia-min-edited-768x512.jpg 768w\" sizes=\"(max-width: 900px) 100vw, 900px\" \/><\/figure> <\/figure>  <p><strong>Archventil en tant qu&rsquo;entrepreneur g\u00e9n\u00e9ral pour les int\u00e9rieurs<\/strong><\/p>  <p>Nous sommes un entrepreneur g\u00e9n\u00e9ral sp\u00e9cialis\u00e9 dans l&rsquo;am\u00e9nagement int\u00e9rieur, tant dans le secteur <a href=\"https:\/\/archventil.com\/fr\/le-portefeuille\/?e-filter-3a75703-category=interni-residenziali\" data-type=\"link\" data-id=\"https:\/\/archventil.com\/portfolio\/?e-filter-3a75703-category=interni-residenziali\">r\u00e9sidentiel<\/a> que dans le secteur <a href=\"https:\/\/archventil.com\/fr\/le-portefeuille\/?e-filter-3a75703-category=interni-commerciali\" data-type=\"link\" data-id=\"https:\/\/archventil.com\/portfolio\/?e-filter-3a75703-category=interni-commerciali\">commercial<\/a>. Pour nos clients, cela signifie qu&rsquo;un seul interlocuteur est responsable de l&rsquo;ensemble du projet : conception, fournitures, gestion de la main-d&rsquo;\u0153uvre, d\u00e9lais et co\u00fbts. Cela r\u00e9duit la complexit\u00e9, les marges d&rsquo;erreur et le stress pour le client. Chacun de nos projets est men\u00e9 par une \u00e9quipe d\u00e9vou\u00e9e et hautement structur\u00e9e.   <\/p>  <p><\/p>  <p><strong>Projets pour le monde de l&rsquo;entreprise : \u00e9galement avec le leasing op\u00e9rationnel<\/strong><\/p>  <p>Pour les entreprises ou les particuliers, nous proposons \u00e9galement des solutions financi\u00e8res innovantes, telles que la location op\u00e9rationnelle, qui permet de r\u00e9aliser un projet complet &#8211; mobilier, usine, \u00e9quipement &#8211; sans immobiliser le capital initial.<\/p>  <p>Une solution id\u00e9ale pour :<br\/>&#8211; magasins, showrooms, bureaux professionnels et bureaux de direction<br\/>&#8211; projets multi-sites ou en expansion<br\/>&#8211; marques souhaitant optimiser fiscalement leurs investissements<\/p>  <p>Archventil s&rsquo;occupe de tout : de la conception \u00e0 l&rsquo;installation finale et \u00e0 la gestion du contrat de location avec des partenaires financiers s\u00e9lectionn\u00e9s.<\/p>  <figure class=\"wp-block-image size-large\"><img decoding=\"async\" width=\"1500\" height=\"1286\" src=\"https:\/\/archventil.com\/wp-content\/uploads\/2025\/03\/RTN7646-Pano-copia.jpg\" alt=\"L'architecture d'int&#xE9;rieur de l'atelier de Milan, de Vico et de Sant'ambrogio, ainsi que les couleurs de la cuisine, de la terrasse et de l'entr&#xE9;e de l'atelier, sont des &#xE9;l&#xE9;ments essentiels de l'architecture d'int&#xE9;rieur de l'atelier de Milan.\" class=\"wp-image-24767\" srcset=\"https:\/\/archventil.com\/wp-content\/uploads\/2025\/03\/RTN7646-Pano-copia.jpg 1500w, https:\/\/archventil.com\/wp-content\/uploads\/2025\/03\/RTN7646-Pano-copia-768x658.jpg 768w\" sizes=\"(max-width: 1500px) 100vw, 1500px\" \/><\/figure>  <p><strong>Maison Archventil : l\u00e0 o\u00f9 tout prend forme<\/strong><\/p>  <p>Au c\u0153ur de Milan, nous avons cr\u00e9\u00e9 la Casa Archventil, qui n&rsquo;est pas seulement le si\u00e8ge du studio, mais un v\u00e9ritable projet manifeste.<br\/>Il s&rsquo;agit d&rsquo;un showroom, d&rsquo;un bureau op\u00e9rationnel et d&rsquo;un lieu de rencontre. Chaque d\u00e9tail t\u00e9moigne de notre fa\u00e7on de concevoir : personnalis\u00e9e, fonctionnelle, raffin\u00e9e et profond\u00e9ment internationale. <\/p>  <p>Casa Archventil est la synth\u00e8se de notre fa\u00e7on de faire de l&rsquo;architecture d&rsquo;int\u00e9rieur : enracin\u00e9e dans la culture italienne, mais ouverte sur le monde.<br\/>C&rsquo;est notre point de d\u00e9part pour chaque projet : c&rsquo;est l\u00e0 que nous rencontrons le client, que l&rsquo;id\u00e9e na\u00eet, que le processus prend forme.<\/p>  <p>D\u00e9couvrez le projet <strong>Archventil House<\/strong> en cliquant <a href=\"https:\/\/archventil.com\/fr\/casa-archventil-340m2-de-bureaux-avec-terrasse-panoramique-dans-la-via-gian-battista-vico-milan\/\" data-type=\"link\" data-id=\"https:\/\/archventil.com\/casa-archventil-ufficio-di-340mq-con-terrazza-panoramica-in-via-gian-battista-vico-milano\/\">ici.<\/a><\/p>  <figure class=\"wp-block-gallery has-nested-images columns-default is-cropped wp-block-gallery-2 is-layout-flex wp-block-gallery-is-layout-flex\"> <figure class=\"wp-block-image size-full\"><img decoding=\"async\" width=\"1500\" height=\"1000\" data-id=\"34906\" src=\"https:\/\/archventil.com\/wp-content\/uploads\/2025\/05\/RTN7650-Pano-copia-edited.jpg\" alt=\"L'architecture d'int&#xE9;rieur de l'atelier de Milan, de Vico et de Sant'ambrogio, ainsi que les couleurs de la cuisine, de la terrasse et de l'entr&#xE9;e de l'atelier, sont des &#xE9;l&#xE9;ments essentiels de l'architecture d'int&#xE9;rieur de l'atelier de Milan.\" class=\"wp-image-34906\" srcset=\"https:\/\/archventil.com\/wp-content\/uploads\/2025\/05\/RTN7650-Pano-copia-edited.jpg 1500w, https:\/\/archventil.com\/wp-content\/uploads\/2025\/05\/RTN7650-Pano-copia-edited-768x512.jpg 768w\" sizes=\"(max-width: 1500px) 100vw, 1500px\" \/><\/figure> <\/figure>  <p><strong>Projets uniques, processus structur\u00e9<\/strong><\/p>  <p>Combiner cr\u00e9ativit\u00e9 et rigueur organisationnelle est notre force.<br\/>C&rsquo;est pourquoi chaque projet d&rsquo;Archventil est :<br\/>&#8211; Unique &#8211; con\u00e7u sur mesure pour ceux qui l&rsquo;habiteront ou l&rsquo;utiliseront<br\/>&#8211; Guid\u00e9 &#8211; selon un calendrier clair, partag\u00e9 avec le client<br\/>&#8211; Organis\u00e9 &#8211; avec des professionnels sp\u00e9cialis\u00e9s pour chaque phase<br\/>&#8211; Concret &#8211; parce que la beaut\u00e9 doit toujours \u00eatre r\u00e9alis\u00e9e, et pas seulement imagin\u00e9e.<\/p>  <p>De la premi\u00e8re rencontre au dernier d\u00e9tail, chaque \u00e9tape est franchie avec soin et passion.<\/p>  <p><br\/>Car pour nous, le design est une exp\u00e9rience concr\u00e8te qui am\u00e9liore r\u00e9ellement la vie des gens.<\/p>","protected":false},"excerpt":{"rendered":"<p>Lorsque vous entrez dans le monde d&rsquo;Archventil, vous n&rsquo;entrez pas simplement dans un studio de design d&rsquo;int\u00e9rieur \u00e0 Milan, mais dans un syst\u00e8me qui combine la pens\u00e9e du design, l&rsquo;organisation et la beaut\u00e9. Notre mission est de cr\u00e9er des espaces sur mesure, parfaitement adapt\u00e9s au style de vie ou \u00e0 l&rsquo;identit\u00e9 de la marque, en [&hellip;]<\/p>\n","protected":false},"author":11,"featured_media":33717,"comment_status":"closed","ping_status":"closed","sticky":false,"template":"","format":"standard","meta":{"_acf_changed":false,"footnotes":""},"categories":[61],"tags":[],"class_list":["post-35117","post","type-post","status-publish","format-standard","has-post-thumbnail","hentry","category-news-fr"],"acf":[],"_links":{"self":[{"href":"https:\/\/archventil.com\/fr\/wp-json\/wp\/v2\/posts\/35117","targetHints":{"allow":["GET"]}}],"collection":[{"href":"https:\/\/archventil.com\/fr\/wp-json\/wp\/v2\/posts"}],"about":[{"href":"https:\/\/archventil.com\/fr\/wp-json\/wp\/v2\/types\/post"}],"author":[{"embeddable":true,"href":"https:\/\/archventil.com\/fr\/wp-json\/wp\/v2\/users\/11"}],"replies":[{"embeddable":true,"href":"https:\/\/archventil.com\/fr\/wp-json\/wp\/v2\/comments?post=35117"}],"version-history":[{"count":1,"href":"https:\/\/archventil.com\/fr\/wp-json\/wp\/v2\/posts\/35117\/revisions"}],"predecessor-version":[{"id":35119,"href":"https:\/\/archventil.com\/fr\/wp-json\/wp\/v2\/posts\/35117\/revisions\/35119"}],"wp:featuredmedia":[{"embeddable":true,"href":"https:\/\/archventil.com\/fr\/wp-json\/wp\/v2\/media\/33717"}],"wp:attachment":[{"href":"https:\/\/archventil.com\/fr\/wp-json\/wp\/v2\/media?parent=35117"}],"wp:term":[{"taxonomy":"category","embeddable":true,"href":"https:\/\/archventil.com\/fr\/wp-json\/wp\/v2\/categories?post=35117"},{"taxonomy":"post_tag","embeddable":true,"href":"https:\/\/archventil.com\/fr\/wp-json\/wp\/v2\/tags?post=35117"}],"curies":[{"name":"wp","href":"https:\/\/api.w.org\/{rel}","templated":true}]}}