{"id":35279,"date":"2025-06-12T11:28:58","date_gmt":"2025-06-12T09:28:58","guid":{"rendered":"https:\/\/archventil.com\/?p=35279"},"modified":"2025-06-12T11:29:07","modified_gmt":"2025-06-12T09:29:07","slug":"villa-a-soiano-une-conception-sur-mesure-entre-histoire-et-paysage","status":"publish","type":"post","link":"https:\/\/archventil.com\/fr\/villa-a-soiano-une-conception-sur-mesure-entre-histoire-et-paysage\/","title":{"rendered":"Villa \u00e0 Soiano : une conception sur mesure entre histoire et paysage"},"content":{"rendered":"<p>Chaque <a href=\"https:\/\/archventil.com\/fr\/le-portefeuille\/\" data-type=\"link\" data-id=\"https:\/\/archventil.com\/portfolio\/\">projet Archventil<\/a> est le r\u00e9sultat d&rsquo;une \u00e9coute profonde.<br\/>De la structure, du contexte, des personnes qui y vivront.<br\/>La villa historique de Soiano del Lago, surplombant les collines du lac de Garde, repr\u00e9sente parfaitement cette approche : 400 m\u00e8tres carr\u00e9s d&rsquo;architecture italienne r\u00e9interpr\u00e9t\u00e9e dans une cl\u00e9 contemporaine, avec respect, coh\u00e9rence et une vision contemporaine de l&rsquo;habitat.<\/p>  <p>Nous nous sommes attaqu\u00e9s \u00e0 cette r\u00e9sidence avec le d\u00e9sir de conserver l&rsquo;\u00e2me du lieu, en int\u00e9grant des mat\u00e9riaux naturels, un confort contemporain et un mobilier design. Le r\u00e9sultat est un projet r\u00e9sidentiel qui allie m\u00e9moire et innovation, atmosph\u00e8re et fonctionnalit\u00e9. <\/p>  <p><\/p>  <figure class=\"wp-block-gallery aligncenter has-nested-images columns-default is-cropped wp-block-gallery-1 is-layout-flex wp-block-gallery-is-layout-flex\"> <figure class=\"wp-block-image size-full\"><img fetchpriority=\"high\" decoding=\"async\" width=\"2560\" height=\"2194\" data-id=\"25763\" src=\"https:\/\/archventil.com\/wp-content\/uploads\/2025\/05\/RTN3606-Pano-copia-scaled.jpg\" alt=\"archventil_interieur_design_sol_villa_lac_international_couple_400_350_r&#xE9;novation_jour_zone_nuit_spa_piscine_int&#xE9;rieur_effet_marbre_enfants\" class=\"wp-image-25763\" srcset=\"https:\/\/archventil.com\/wp-content\/uploads\/2025\/05\/RTN3606-Pano-copia-scaled.jpg 2560w, https:\/\/archventil.com\/wp-content\/uploads\/2025\/05\/RTN3606-Pano-copia-1600x1372.jpg 1600w, https:\/\/archventil.com\/wp-content\/uploads\/2025\/05\/RTN3606-Pano-copia-768x658.jpg 768w, https:\/\/archventil.com\/wp-content\/uploads\/2025\/05\/RTN3606-Pano-copia-1536x1317.jpg 1536w, https:\/\/archventil.com\/wp-content\/uploads\/2025\/05\/RTN3606-Pano-copia-2048x1756.jpg 2048w\" sizes=\"(max-width: 2560px) 100vw, 2560px\" \/><\/figure> <\/figure>  <p><strong>Cuisine : architecture de lumi\u00e8re et de mati\u00e8re<\/strong><\/p>  <p>La cuisine est l&rsquo;une des pi\u00e8ces centrales du projet : spacieuse, conviviale, con\u00e7ue pour accueillir.<br\/>Ici, les lampes suspendues Marset et les rails de Modular Lighting Instruments cr\u00e9ent une lumi\u00e8re dynamique qui dialogue avec les surfaces.  <\/p>  <p>Le bloc cuisine est sign\u00e9 Binova (Dexelance), avec un plan en gr\u00e8s Marazzi qui recouvre \u00e9galement la niche \u00e9quip\u00e9e. Les appareils Bertazzoni et la plaque de cuisson Bora s&rsquo;int\u00e8grent discr\u00e8tement mais avec des performances \u00e9lev\u00e9es.<br\/>Les chaises Verywood et les tabourets TON compl\u00e8tent l&rsquo;environnement avec \u00e9l\u00e9gance et robustesse, dans un \u00e9quilibre parfait entre esth\u00e9tique et confort. <\/p>  <figure class=\"wp-block-gallery has-nested-images columns-default is-cropped wp-block-gallery-2 is-layout-flex wp-block-gallery-is-layout-flex\"> <figure class=\"wp-block-image size-large\"><img decoding=\"async\" width=\"1200\" height=\"1600\" data-id=\"25764\" src=\"https:\/\/archventil.com\/wp-content\/uploads\/2025\/05\/RTN3615-copia-1200x1600.jpg\" alt=\"archventil_interieur_design_sol_villa_lac_international_couple_400_350_r&#xE9;novation_jour_zone_nuit_spa_piscine_int&#xE9;rieur_effet_marbre_enfants\" class=\"wp-image-25764\" srcset=\"https:\/\/archventil.com\/wp-content\/uploads\/2025\/05\/RTN3615-copia-1200x1600.jpg 1200w, https:\/\/archventil.com\/wp-content\/uploads\/2025\/05\/RTN3615-copia-768x1024.jpg 768w, https:\/\/archventil.com\/wp-content\/uploads\/2025\/05\/RTN3615-copia-1152x1536.jpg 1152w, https:\/\/archventil.com\/wp-content\/uploads\/2025\/05\/RTN3615-copia-1536x2048.jpg 1536w, https:\/\/archventil.com\/wp-content\/uploads\/2025\/05\/RTN3615-copia-scaled.jpg 1920w\" sizes=\"(max-width: 1200px) 100vw, 1200px\" \/><\/figure>    <figure class=\"wp-block-image size-large\"><img decoding=\"async\" width=\"1200\" height=\"1600\" data-id=\"25766\" src=\"https:\/\/archventil.com\/wp-content\/uploads\/2025\/05\/RTN3648-copia-1200x1600.jpg\" alt=\"archventil_interieur_design_sol_villa_lac_international_couple_400_350_r&#xE9;novation_jour_zone_nuit_spa_piscine_int&#xE9;rieur_effet_marbre_enfants\" class=\"wp-image-25766\" srcset=\"https:\/\/archventil.com\/wp-content\/uploads\/2025\/05\/RTN3648-copia-1200x1600.jpg 1200w, https:\/\/archventil.com\/wp-content\/uploads\/2025\/05\/RTN3648-copia-768x1024.jpg 768w, https:\/\/archventil.com\/wp-content\/uploads\/2025\/05\/RTN3648-copia-1152x1536.jpg 1152w, https:\/\/archventil.com\/wp-content\/uploads\/2025\/05\/RTN3648-copia-1536x2048.jpg 1536w, https:\/\/archventil.com\/wp-content\/uploads\/2025\/05\/RTN3648-copia-scaled.jpg 1920w\" sizes=\"(max-width: 1200px) 100vw, 1200px\" \/><\/figure>    <figure class=\"wp-block-image size-large\"><img loading=\"lazy\" decoding=\"async\" width=\"1371\" height=\"1600\" data-id=\"25765\" src=\"https:\/\/archventil.com\/wp-content\/uploads\/2025\/05\/RTN3621-Pano-copia-1371x1600.jpg\" alt=\"archventil_interieur_design_sol_villa_lac_international_couple_400_350_r&#xE9;novation_jour_zone_nuit_spa_piscine_int&#xE9;rieur_effet_marbre_enfants\" class=\"wp-image-25765\" srcset=\"https:\/\/archventil.com\/wp-content\/uploads\/2025\/05\/RTN3621-Pano-copia-1371x1600.jpg 1371w, https:\/\/archventil.com\/wp-content\/uploads\/2025\/05\/RTN3621-Pano-copia-768x896.jpg 768w, https:\/\/archventil.com\/wp-content\/uploads\/2025\/05\/RTN3621-Pano-copia-1317x1536.jpg 1317w, https:\/\/archventil.com\/wp-content\/uploads\/2025\/05\/RTN3621-Pano-copia-1756x2048.jpg 1756w\" sizes=\"(max-width: 1371px) 100vw, 1371px\" \/><\/figure> <\/figure>  <p><strong>Espace de vie : \u00e9l\u00e9gance d\u00e9contract\u00e9e et d\u00e9tails sur mesure<\/strong><\/p>  <p>Dans le salon principal, des rideaux et des tapis de Jab d\u00e9finissent doucement les volumes, accompagnant un canap\u00e9 Bodema et une table basse Ethnicraft, en dialogue avec des \u0153uvres s\u00e9lectionn\u00e9es de la galerie Peter Frey.<br\/>Une lampe suspendue Vibia illumine l&rsquo;espace central, tandis qu&rsquo;un buffet Miniforms et une lampe de table Nordlux apportent rythme et fonctionnalit\u00e9.<br\/>Le meuble TV a \u00e9t\u00e9 con\u00e7u sur mesure pour s&rsquo;int\u00e9grer parfaitement \u00e0 l&rsquo;architecture historique.<\/p>  <p>Dans le deuxi\u00e8me salon, qui donne sur la chemin\u00e9e d&rsquo;origine, nous avons inclus un canap\u00e9 double face, \u00e9galement de Bodema, qui permet une utilisation polyvalente de l&rsquo;espace, de tr\u00e8s \u00e9l\u00e9gantes biblioth\u00e8ques ouvertes de Gervasoni et des \u0153uvres d&rsquo;art pour un coin intime et r\u00e9fl\u00e9chi.<\/p>  <figure class=\"wp-block-gallery has-nested-images columns-default is-cropped wp-block-gallery-3 is-layout-flex wp-block-gallery-is-layout-flex\"> <figure class=\"wp-block-image size-large\"><img loading=\"lazy\" decoding=\"async\" width=\"1200\" height=\"1600\" data-id=\"25767\" src=\"https:\/\/archventil.com\/wp-content\/uploads\/2025\/05\/RTN3653-copia-1200x1600.jpg\" alt=\"archventil_interieur_design_sol_villa_lac_international_couple_400_350_r&#xE9;novation_jour_zone_nuit_spa_piscine_int&#xE9;rieur_effet_marbre_enfants\" class=\"wp-image-25767\" srcset=\"https:\/\/archventil.com\/wp-content\/uploads\/2025\/05\/RTN3653-copia-1200x1600.jpg 1200w, https:\/\/archventil.com\/wp-content\/uploads\/2025\/05\/RTN3653-copia-768x1024.jpg 768w, https:\/\/archventil.com\/wp-content\/uploads\/2025\/05\/RTN3653-copia-1152x1536.jpg 1152w, https:\/\/archventil.com\/wp-content\/uploads\/2025\/05\/RTN3653-copia-1536x2048.jpg 1536w, https:\/\/archventil.com\/wp-content\/uploads\/2025\/05\/RTN3653-copia-scaled.jpg 1920w\" sizes=\"(max-width: 1200px) 100vw, 1200px\" \/><\/figure>    <figure class=\"wp-block-image size-large\"><img loading=\"lazy\" decoding=\"async\" width=\"1371\" height=\"1600\" data-id=\"25780\" src=\"https:\/\/archventil.com\/wp-content\/uploads\/2025\/05\/RTN3759-Pano-copia-1371x1600.jpg\" alt=\"archventil_interieur_design_sol_villa_lac_international_couple_400_350_r&#xE9;novation_jour_zone_nuit_spa_piscine_int&#xE9;rieur_effet_marbre_enfants\" class=\"wp-image-25780\" srcset=\"https:\/\/archventil.com\/wp-content\/uploads\/2025\/05\/RTN3759-Pano-copia-1371x1600.jpg 1371w, https:\/\/archventil.com\/wp-content\/uploads\/2025\/05\/RTN3759-Pano-copia-768x896.jpg 768w, https:\/\/archventil.com\/wp-content\/uploads\/2025\/05\/RTN3759-Pano-copia-1317x1536.jpg 1317w, https:\/\/archventil.com\/wp-content\/uploads\/2025\/05\/RTN3759-Pano-copia-1755x2048.jpg 1755w\" sizes=\"(max-width: 1371px) 100vw, 1371px\" \/><\/figure> <\/figure>  <p><strong>Espaces bien-\u00eatre : yoga, repos, cin\u00e9ma<\/strong><\/p>  <p>La salle de yoga a \u00e9t\u00e9 meubl\u00e9e de fauteuils et d&rsquo;un lampadaire Miniforms, compl\u00e9t\u00e9s par des \u00e9l\u00e9ments sur mesure existants qui ont \u00e9t\u00e9 enti\u00e8rement revus et finis dans le nouveau design pour favoriser le calme et la concentration.<br\/>Dans la chambre principale, le lit Bolzan et la t\u00eate de lit con\u00e7us par Archventil cr\u00e9ent une atmosph\u00e8re \u00e0 la fois confortable et minimaliste, rehauss\u00e9e par une lampe \u00e0 suspension de Gervasoni.  <\/p>  <p>Le dressing et la salle de cin\u00e9ma ont \u00e9t\u00e9 enti\u00e8rement <a href=\"https:\/\/archventil.com\/fr\/mood\/\" data-type=\"link\" data-id=\"https:\/\/archventil.com\/servizio-mood\/\">con\u00e7us sur mesure,<\/a> avec des solutions int\u00e9gr\u00e9es qui optimisent l&rsquo;espace et la fonctionnalit\u00e9 sans sacrifier le style.<\/p>  <figure class=\"wp-block-image size-large\"><img loading=\"lazy\" decoding=\"async\" width=\"1600\" height=\"1067\" src=\"https:\/\/archventil.com\/wp-content\/uploads\/2025\/05\/con3-1-1600x1067.jpg\" alt=\"archventil_interieur_design_sol_villa_lac_international_couple_400_350_r&#xE9;novation_jour_zone_nuit_spa_piscine_int&#xE9;rieur_effet_marbre_enfants\" class=\"wp-image-25790\" srcset=\"https:\/\/archventil.com\/wp-content\/uploads\/2025\/05\/con3-1-1600x1067.jpg 1600w, https:\/\/archventil.com\/wp-content\/uploads\/2025\/05\/con3-1-768x512.jpg 768w, https:\/\/archventil.com\/wp-content\/uploads\/2025\/05\/con3-1-1536x1024.jpg 1536w, https:\/\/archventil.com\/wp-content\/uploads\/2025\/05\/con3-1-2048x1366.jpg 2048w\" sizes=\"(max-width: 1600px) 100vw, 1600px\" \/><\/figure>  <p><strong>Salle de bains et ext\u00e9rieur : coh\u00e9rence esth\u00e9tique dans chaque environnement<\/strong><\/p>  <p>Les salles de bains combinent les sanitaires Galassia avec le mobilier Mobilduenne et des meubles sur mesure. L&rsquo;entr\u00e9e est d\u00e9finie par une structure en bois, verre et m\u00e9tal con\u00e7ue et r\u00e9alis\u00e9e sur mesure pour cr\u00e9er un premier impact coh\u00e9rent avec le projet. L&rsquo;espace piscine fait \u00e9galement partie int\u00e9grante de la narration du projet : le mobilier choisi pour l&rsquo;ext\u00e9rieur refl\u00e8te le style sobre et sophistiqu\u00e9 de l&rsquo;int\u00e9rieur, cr\u00e9ant ainsi une continuit\u00e9 entre l&rsquo;int\u00e9rieur et l&rsquo;ext\u00e9rieur.  <\/p>  <p><strong>Un projet qui raconte une histoire<\/strong><\/p>  <p>Cette villa de Soiano est un projet qui parle de respect et de transformation, de racines et de vision.<br\/>Un exemple d&rsquo;am\u00e9nagement int\u00e9rieur sur mesure, o\u00f9 chaque mat\u00e9riau, lumi\u00e8re et objet est choisi pour cr\u00e9er un \u00e9quilibre entre l&rsquo;esth\u00e9tique, la fonctionnalit\u00e9 et le d\u00e9sir de beaut\u00e9 au quotidien.<\/p>  <p>\ud83d\udc49 <strong>D\u00e9couvrez le projet complet et les photos ici :<\/strong><strong><br\/><\/strong><a href=\"https:\/\/archventil.com\/fr\/sno-villa-historique-de-400m2-environ-lac-de-garde-italie\/\"> <strong>Villa historique \u00e0 Soiano, Lac de Garde<\/strong><\/a><\/p>  <p><\/p>","protected":false},"excerpt":{"rendered":"<p>Chaque projet Archventil est le r\u00e9sultat d&rsquo;une \u00e9coute profonde.De la structure, du contexte, des personnes qui y vivront.La villa historique de Soiano del Lago, surplombant les collines du lac de Garde, repr\u00e9sente parfaitement cette approche : 400 m\u00e8tres carr\u00e9s d&rsquo;architecture italienne r\u00e9interpr\u00e9t\u00e9e dans une cl\u00e9 contemporaine, avec respect, coh\u00e9rence et une vision contemporaine de l&rsquo;habitat. [&hellip;]<\/p>\n","protected":false},"author":11,"featured_media":34606,"comment_status":"closed","ping_status":"closed","sticky":false,"template":"","format":"standard","meta":{"_acf_changed":false,"footnotes":""},"categories":[61],"tags":[],"class_list":["post-35279","post","type-post","status-publish","format-standard","has-post-thumbnail","hentry","category-news-fr"],"acf":[],"_links":{"self":[{"href":"https:\/\/archventil.com\/fr\/wp-json\/wp\/v2\/posts\/35279","targetHints":{"allow":["GET"]}}],"collection":[{"href":"https:\/\/archventil.com\/fr\/wp-json\/wp\/v2\/posts"}],"about":[{"href":"https:\/\/archventil.com\/fr\/wp-json\/wp\/v2\/types\/post"}],"author":[{"embeddable":true,"href":"https:\/\/archventil.com\/fr\/wp-json\/wp\/v2\/users\/11"}],"replies":[{"embeddable":true,"href":"https:\/\/archventil.com\/fr\/wp-json\/wp\/v2\/comments?post=35279"}],"version-history":[{"count":1,"href":"https:\/\/archventil.com\/fr\/wp-json\/wp\/v2\/posts\/35279\/revisions"}],"predecessor-version":[{"id":35280,"href":"https:\/\/archventil.com\/fr\/wp-json\/wp\/v2\/posts\/35279\/revisions\/35280"}],"wp:featuredmedia":[{"embeddable":true,"href":"https:\/\/archventil.com\/fr\/wp-json\/wp\/v2\/media\/34606"}],"wp:attachment":[{"href":"https:\/\/archventil.com\/fr\/wp-json\/wp\/v2\/media?parent=35279"}],"wp:term":[{"taxonomy":"category","embeddable":true,"href":"https:\/\/archventil.com\/fr\/wp-json\/wp\/v2\/categories?post=35279"},{"taxonomy":"post_tag","embeddable":true,"href":"https:\/\/archventil.com\/fr\/wp-json\/wp\/v2\/tags?post=35279"}],"curies":[{"name":"wp","href":"https:\/\/api.w.org\/{rel}","templated":true}]}}